{"id":244588,"date":"2026-08-21T07:30:56","date_gmt":"2026-08-21T07:30:56","guid":{"rendered":"https:\/\/www.artipose.be\/choisir-professionnel-portes-de-garage-anderlecht\/"},"modified":"2026-08-21T07:30:56","modified_gmt":"2026-08-21T07:30:56","slug":"choisir-professionnel-portes-de-garage-anderlecht","status":"publish","type":"post","link":"https:\/\/www.artipose.be\/en\/choisir-professionnel-portes-de-garage-anderlecht\/","title":{"rendered":"Bien choisir un professionnel pour vos portes de garage \u00e0 Anderlecht"},"content":{"rendered":"<p>Choisir une porte de garage, c\u2019est aussi choisir la tranquillit\u00e9 d\u2019esprit au quotidien. Mais \u00e0 Anderlecht, difficile parfois de s\u2019y retrouver parmi la multitude d\u2019offres et d\u2019installateurs. Faut-il privil\u00e9gier l\u2019artisan de quartier, une grande enseigne ou un sp\u00e9cialiste ? Entre vos attentes en s\u00e9curit\u00e9, la diversit\u00e9 de mat\u00e9riaux (PVC, aluminium, bois), l\u2019isolation ou encore l\u2019esth\u00e9tique, les enjeux ne manquent pas. Dans cet article, nous vous donnons nos conseils concrets pour trouver un professionnel fiable pour vos portes de garage \u00e0 Anderlecht et vous aider \u00e0 franchir chaque \u00e9tape sereinement, du devis \u00e0 la pose finale.<\/p>\n<h2>1. Cibler le bon type de professionnel \u00e0 Anderlecht<\/h2>\n<p>Le choix du professionnel d\u00e9pend souvent de la nature de votre projet. Vous cherchez une porte sectionnelle motoris\u00e9e, un remplacement sur mesure ou une r\u00e9novation dans un habitat classique d\u2019Anderlecht ? Un menuisier local sp\u00e9cialis\u00e9 en pose de ch\u00e2ssis et menuiserie sur mesure conna\u00eetra les contraintes typiques des maisons et immeubles du quartier : acc\u00e8s parfois limit\u00e9 dans les rues du centre, variations climatiques propres \u00e0 Bruxelles, copropri\u00e9t\u00e9s avec des r\u00e8gles strictes.<\/p>\n<p>\u00c0 \u00e9viter : les entreprises qui ne visitent pas votre domicile avant d\u2019\u00e9tablir un chiffrage pr\u00e9cis. Un vrai professionnel analyse toujours sur place la configuration : largeur du garage, hauteur sous linteau, pr\u00e9sence d\u2019installations \u00e9lectriques ou de tuyauteries. Cela garantit un devis portes de garage Anderlecht adapt\u00e9 et r\u00e9aliste. N\u2019h\u00e9sitez pas \u00e0 demander une visite technique avant tout engagement.<\/p>\n<h2>2. \u00c9valuer les comp\u00e9tences et r\u00e9f\u00e9rences<\/h2>\n<p>L\u2019installation fiable de portes de garage demande un vrai savoir-faire. Privil\u00e9giez les entreprises ou artisans qui peuvent vous montrer des exemples de r\u00e9alisations dans la r\u00e9gion, ou vous fournir des r\u00e9f\u00e9rences concr\u00e8tes \u00e0 Anderlecht ou m\u00eame Bruxelles. Des photos de chantiers, un book ou un site internet aliment\u00e9 r\u00e9guli\u00e8rement sont de bons indicateurs. Pensez \u00e0 vous renseigner sur les avis clients ou demandez \u00e0 voir un mod\u00e8le en exposition si possible.<\/p>\n<p>Un professionnel portes de garage Anderlecht exp\u00e9riment\u00e9 doit aussi pouvoir vous aiguiller sur les choix techniques adapt\u00e9s \u00e0 la r\u00e9gion : isolation renforc\u00e9e, motorisation fiable compatible avec le climat local, mat\u00e9riaux r\u00e9sistants \u00e0 l\u2019humidit\u00e9. M\u00e9fiez-vous des offres trop g\u00e9n\u00e9ralistes qui n\u00e9gligent ces aspects sp\u00e9cifiques.<\/p>\n<h2>3. V\u00e9rifier la qualit\u00e9 des mat\u00e9riaux propos\u00e9s<\/h2>\n<p>Le choix des mat\u00e9riaux impacte directement la dur\u00e9e de vie et la performance de votre porte de garage. \u00c0 Anderlecht, \u00e0 proximit\u00e9 du canal ou dans des quartiers plus humides, il est primordial d\u2019opter pour des mat\u00e9riaux r\u00e9sistants : acier galvanis\u00e9, aluminium avec traitement sp\u00e9cifique, ou bois bien prot\u00e9g\u00e9. Votre installateur doit vous orienter vers les solutions les plus adapt\u00e9es aux conditions locales.<\/p>\n<p>N\u2019h\u00e9sitez pas \u00e0 demander quelles marques ou gammes sont utilis\u00e9es. Un professionnel s\u00e9rieux expliquera la diff\u00e9rence entre les mod\u00e8les, et adaptera l\u2019offre \u00e0 votre usage (porte motoris\u00e9e, manuelle, sectionnelle ou basculante). Il prendra aussi en compte l\u2019esth\u00e9tique, pour bien s\u2019int\u00e9grer \u00e0 la fa\u00e7ade typique d\u2019Anderlecht.<\/p>\n<h2>4. Demander un devis portes de garage clair et d\u00e9taill\u00e9<\/h2>\n<p>Avant de donner votre accord, insistez toujours pour recevoir un devis d\u00e9taill\u00e9, reprenant tous les \u00e9l\u00e9ments de la prestation : co\u00fbt de la porte, accessoires, motorisation \u00e9ventuelle, d\u00e9montage et \u00e9vacuation si besoin, travaux annexes. \u00c0 Anderlecht, certains acc\u00e8s de garage n\u00e9cessitent des adaptations : seuils sur\u00e9lev\u00e9s, murs non droits, espaces r\u00e9duits. Le devis doit en tenir compte pour \u00e9viter les surprises le jour de la pose.<\/p>\n<p>Un devis de qualit\u00e9 pr\u00e9cise aussi les d\u00e9lais, les modalit\u00e9s d\u2019intervention et les conditions de paiement. Comparez plusieurs offres, mais m\u00e9fiez-vous des devis trop vagues ou incomplets. Vous trouverez sur notre page <a href=\"https:\/\/www.artipose.be\/budget-portes-de-garage-anderlecht\/\">Quel budget pr\u00e9voir pour vos portes de garage \u00e0 Anderlecht ?<\/a> des informations compl\u00e9mentaires pour vous guider dans cette \u00e9tape.<\/p>\n<h2>5. Contr\u00f4ler l\u2019organisation de la pose et du suivi<\/h2>\n<p>L\u2019installation d\u2019une porte de garage exige pr\u00e9cision et ma\u00eetrise. Informez-vous sur l\u2019organisation et la dur\u00e9e pr\u00e9vue des travaux. \u00c0 Anderlecht, la circulation ou les zones de stationnement peuvent compliquer la logistique, notamment en centre-ville ou pr\u00e8s des grands axes. Demander au professionnel comment il g\u00e8re l\u2019acheminement et la s\u00e9curit\u00e9 du chantier t\u00e9moigne de son s\u00e9rieux.<\/p>\n<p>Apr\u00e8s la pose, le suivi est tout aussi important : un bon artisan reste disponible pour vous conseiller lors de la premi\u00e8re utilisation et r\u00e9agit rapidement en cas d\u2019ajustement ou de d\u00e9pannage. Certains proposent aussi un entretien r\u00e9gulier, particuli\u00e8rement utile pour garantir la durabilit\u00e9 de la porte.<\/p>\n<h2>6. Penser \u00e0 la r\u00e9paration et au d\u00e9pannage local<\/h2>\n<p>Une porte de garage, m\u00eame bien install\u00e9e, peut rencontrer au fil du temps des pannes li\u00e9es \u00e0 l\u2019usure, \u00e0 l\u2019humidit\u00e9 ou \u00e0 la motorisation. \u00c0 Anderlecht, privil\u00e9gier un professionnel assurant \u00e9galement le d\u00e9pannage et la r\u00e9paration de menuiserie pr\u00e9sente un vrai avantage : intervention rapide, connaissance de votre installation, disponibilit\u00e9 en cas d\u2019urgence.<\/p>\n<p>Lors de la s\u00e9lection, demandez si l\u2019entreprise propose un service de r\u00e9paration ou d\u2019entretien, et quelles sont ses modalit\u00e9s (horaires, d\u00e9lais d\u2019intervention sur Anderlecht et environs). Cela peut faire la diff\u00e9rence si vous rencontrez un blocage soudain de votre porte en plein hiver bruxellois.<\/p>\n<h2>7. Attention aux garanties et \u00e0 la conformit\u00e9<\/h2>\n<p>Un professionnel s\u00e9rieux pour vos portes de garage Anderlecht doit pouvoir vous expliquer clairement les garanties standard appliqu\u00e9es sur la porte et la pose, sans exag\u00e9rer la couverture propos\u00e9e. La conformit\u00e9 avec les normes locales, notamment en termes de s\u00e9curit\u00e9 et d\u2019isolation thermique, reste incontournable. Votre expert doit conna\u00eetre les r\u00e9glementations en vigueur dans les quartiers d\u2019Anderlecht, y compris pour les possibles restrictions de fa\u00e7ade ou les exigences des copropri\u00e9t\u00e9s.<\/p>\n<p>Pensez \u00e0 demander l\u2019attestation de conformit\u00e9 de l\u2019installation apr\u00e8s travaux. Un professionnel fiable comme Artipose remet syst\u00e9matiquement ce type de document et prend le temps de montrer le fonctionnement du syst\u00e8me lors de la r\u00e9ception.<\/p>\n<p>En conclusion, choisir un professionnel local pour vos portes de garage \u00e0 Anderlecht demande attention et m\u00e9thode. Privil\u00e9giez un interlocuteur qui conna\u00eet la r\u00e9alit\u00e9 des maisons bruxelloises, d\u00e9taille son offre et reste disponible avant comme apr\u00e8s la pose. Si vous souhaitez \u00eatre accompagn\u00e9 \u00e9tape par \u00e9tape, n\u2019h\u00e9sitez pas \u00e0 <strong>demander un devis gratuit<\/strong> aupr\u00e8s de notre \u00e9quipe Artipose, disponible \u00e0 Anderlecht et dans toute la r\u00e9gion de Bruxelles. Nous vous accueillons sur rendez-vous \u00e0 l&rsquo;adresse Av. Houba de Strooper 116, 1020 Bruxelles.<\/p>\n<section class=\"faq\">\n<h2>FAQ<\/h2>\n<details>\n<summary>Quels types de portes de garage sont les plus adapt\u00e9s \u00e0 Anderlecht ?<\/summary>\n<p>\u00c0 Anderlecht, les portes sectionnelles et basculantes sont souvent privil\u00e9gi\u00e9es pour leur gain de place et l\u2019adaptabilit\u00e9 aux garages urbains. Les mat\u00e9riaux comme l\u2019aluminium trait\u00e9 ou le PVC offrent une bonne r\u00e9sistance \u00e0 l\u2019humidit\u00e9 et facilitent l\u2019entretien, tandis qu\u2019une porte en bois bien prot\u00e9g\u00e9e s\u2019int\u00e8gre harmonieusement dans un quartier r\u00e9sidentiel. Le choix d\u00e9pendra surtout de l\u2019espace disponible, du niveau d\u2019isolation recherch\u00e9 et du style de la maison.<\/p>\n<\/details>\n<details>\n<summary>Pourquoi choisir un professionnel local pour l\u2019installation de ma porte de garage ?<\/summary>\n<p>Un professionnel local conna\u00eet les contraintes propres \u00e0 Anderlecht : configuration des rues, r\u00e8gles des copropri\u00e9t\u00e9s, sp\u00e9cificit\u00e9s architecturales. Il intervient aussi plus rapidement en cas de probl\u00e8me ou d\u2019entretien, et peut proposer des solutions sur mesure. Sa connaissance du tissu local garantit une r\u00e9activit\u00e9 et un service personnalis\u00e9 difficile \u00e0 obtenir avec de grandes enseignes g\u00e9n\u00e9ralistes.<\/p>\n<\/details>\n<details>\n<summary>Que doit contenir un devis pour porte de garage \u00e0 Anderlecht ?<\/summary>\n<p>Un bon devis d\u00e9taille le prix de la porte, la main-d&rsquo;\u0153uvre, les accessoires, la motorisation, l\u2019enl\u00e8vement de l\u2019ancienne porte, les \u00e9ventuels travaux de ma\u00e7onnerie, et pr\u00e9cise les d\u00e9lais ainsi que les conditions de paiement. \u00c0 Anderlecht, il est aussi important que le devis tienne compte des contraintes d\u2019acc\u00e8s et des sp\u00e9cificit\u00e9s de votre fa\u00e7ade.<\/p>\n<\/details>\n<details>\n<summary>Comment se d\u00e9roule la pose d\u2019une porte de garage chez Artipose ?<\/summary>\n<p>Chez Artipose, la pose commence par une visite technique sur place pour prendre les mesures exactes et anticiper les \u00e9ventuelles difficult\u00e9s. Le jour de la pose, tout est s\u00e9curis\u00e9 et prot\u00e9g\u00e9. La porte est install\u00e9e, test\u00e9e, puis le fonctionnement est expliqu\u00e9 au client. Enfin, un document de conformit\u00e9 et des conseils d\u2019entretien sont remis.<\/p>\n<\/details>\n<details>\n<summary>Artipose propose-t-il la r\u00e9paration ou le d\u00e9pannage de portes de garage \u00e0 Anderlecht ?<\/summary>\n<p>Oui, Artipose intervient pour la r\u00e9paration et le d\u00e9pannage de portes de garage \u00e0 Anderlecht et dans toute la r\u00e9gion bruxelloise. Qu\u2019il s\u2019agisse d\u2019un probl\u00e8me de motorisation, d\u2019un blocage ou d\u2019une pi\u00e8ce \u00e0 remplacer, l\u2019\u00e9quipe propose un service rapide et personnalis\u00e9. Pour toute demande, il suffit de contacter l\u2019atelier pour convenir d\u2019un rendez-vous.<\/p>\n<\/details>\n<\/section>\n<p><script type=\"application\/ld+json\">{\"@context\":\"https:\/\/schema.org\",\"@type\":\"FAQPage\",\"mainEntity\":[{\"@type\":\"Question\",\"name\":\"Quels types de portes de garage sont les plus adapt\u00e9s \u00e0 Anderlecht ?\",\"acceptedAnswer\":{\"@type\":\"Answer\",\"text\":\"\u00c0 Anderlecht, les portes sectionnelles et basculantes sont souvent privil\u00e9gi\u00e9es pour leur gain de place et l\u2019adaptabilit\u00e9 aux garages urbains. Les mat\u00e9riaux comme l\u2019aluminium trait\u00e9 ou le PVC offrent une bonne r\u00e9sistance \u00e0 l\u2019humidit\u00e9 et facilitent l\u2019entretien, tandis qu\u2019une porte en bois bien prot\u00e9g\u00e9e s\u2019int\u00e8gre harmonieusement dans un quartier r\u00e9sidentiel. Le choix d\u00e9pendra surtout de l\u2019espace disponible, du niveau d\u2019isolation recherch\u00e9 et du style de la maison.\"}},{\"@type\":\"Question\",\"name\":\"Pourquoi choisir un professionnel local pour l\u2019installation de ma porte de garage ?\",\"acceptedAnswer\":{\"@type\":\"Answer\",\"text\":\"Un professionnel local conna\u00eet les contraintes propres \u00e0 Anderlecht : configuration des rues, r\u00e8gles des copropri\u00e9t\u00e9s, sp\u00e9cificit\u00e9s architecturales. Il intervient aussi plus rapidement en cas de probl\u00e8me ou d\u2019entretien, et peut proposer des solutions sur mesure. Sa connaissance du tissu local garantit une r\u00e9activit\u00e9 et un service personnalis\u00e9 difficile \u00e0 obtenir avec de grandes enseignes g\u00e9n\u00e9ralistes.\"}},{\"@type\":\"Question\",\"name\":\"Que doit contenir un devis pour porte de garage \u00e0 Anderlecht ?\",\"acceptedAnswer\":{\"@type\":\"Answer\",\"text\":\"Un bon devis d\u00e9taille le prix de la porte, la main-d'\u0153uvre, les accessoires, la motorisation, l\u2019enl\u00e8vement de l\u2019ancienne porte, les \u00e9ventuels travaux de ma\u00e7onnerie, et pr\u00e9cise les d\u00e9lais ainsi que les conditions de paiement. \u00c0 Anderlecht, il est aussi important que le devis tienne compte des contraintes d\u2019acc\u00e8s et des sp\u00e9cificit\u00e9s de votre fa\u00e7ade.\"}},{\"@type\":\"Question\",\"name\":\"Comment se d\u00e9roule la pose d\u2019une porte de garage chez Artipose ?\",\"acceptedAnswer\":{\"@type\":\"Answer\",\"text\":\"Chez Artipose, la pose commence par une visite technique sur place pour prendre les mesures exactes et anticiper les \u00e9ventuelles difficult\u00e9s. Le jour de la pose, tout est s\u00e9curis\u00e9 et prot\u00e9g\u00e9. La porte est install\u00e9e, test\u00e9e, puis le fonctionnement est expliqu\u00e9 au client. Enfin, un document de conformit\u00e9 et des conseils d\u2019entretien sont remis.\"}},{\"@type\":\"Question\",\"name\":\"Artipose propose-t-il la r\u00e9paration ou le d\u00e9pannage de portes de garage \u00e0 Anderlecht ?\",\"acceptedAnswer\":{\"@type\":\"Answer\",\"text\":\"Oui, Artipose intervient pour la r\u00e9paration et le d\u00e9pannage de portes de garage \u00e0 Anderlecht et dans toute la r\u00e9gion bruxelloise. Qu\u2019il s\u2019agisse d\u2019un probl\u00e8me de motorisation, d\u2019un blocage ou d\u2019une pi\u00e8ce \u00e0 remplacer, l\u2019\u00e9quipe propose un service rapide et personnalis\u00e9. Pour toute demande, il suffit de contacter l\u2019atelier pour convenir d\u2019un rendez-vous.\"}}]}<\/script><\/p>\n","protected":false},"excerpt":{"rendered":"<p>Vous habitez Anderlecht et cherchez un pro pour votre porte de garage ? D\u00e9couvrez nos conseils d\u2019artisan pour s\u00e9lectionner le bon interlocuteur, \u00e9viter les pi\u00e8ges et garantir une installation soign\u00e9e.<\/p>","protected":false},"author":1,"featured_media":244046,"comment_status":"closed","ping_status":"closed","sticky":false,"template":"","format":"standard","meta":{"_et_pb_use_builder":"","_et_pb_old_content":"","_et_gb_content_width":"","footnotes":""},"categories":[1],"tags":[],"yoast_head":"<!-- This site is optimized with the Yoast SEO plugin v21.7 - https:\/\/yoast.com\/wordpress\/plugins\/seo\/ -->\n<title>Bien choisir un professionnel pour vos portes de garage \u00e0 Anderlecht - Artipose<\/title>\n<meta name=\"robots\" content=\"index, follow, max-snippet:-1, max-image-preview:large, max-video-preview:-1\" \/>\n<link rel=\"canonical\" href=\"https:\/\/www.artipose.be\/en\/choisir-professionnel-portes-de-garage-anderlecht\/\" \/>\n<meta property=\"og:locale\" content=\"en_US\" \/>\n<meta property=\"og:type\" content=\"article\" \/>\n<meta property=\"og:title\" content=\"Bien choisir un professionnel pour vos portes de garage \u00e0 Anderlecht - Artipose\" \/>\n<meta property=\"og:description\" content=\"Vous habitez Anderlecht et cherchez un pro pour votre porte de garage ? D\u00e9couvrez nos conseils d\u2019artisan pour s\u00e9lectionner le bon interlocuteur, \u00e9viter les pi\u00e8ges et garantir une installation soign\u00e9e.\" \/>\n<meta property=\"og:url\" content=\"https:\/\/www.artipose.be\/en\/choisir-professionnel-portes-de-garage-anderlecht\/\" \/>\n<meta property=\"og:site_name\" content=\"Artipose\" \/>\n<meta property=\"article:publisher\" content=\"https:\/\/www.facebook.com\/ArtiposeBE\" \/>\n<meta property=\"article:published_time\" content=\"2026-08-21T07:30:56+00:00\" \/>\n<meta name=\"author\" content=\"Admin\" \/>\n<meta name=\"twitter:card\" content=\"summary_large_image\" \/>\n<meta name=\"twitter:label1\" content=\"Written by\" \/>\n\t<meta name=\"twitter:data1\" content=\"Admin\" \/>\n\t<meta name=\"twitter:label2\" content=\"Est. reading time\" \/>\n\t<meta name=\"twitter:data2\" content=\"8 minutes\" \/>\n<script type=\"application\/ld+json\" class=\"yoast-schema-graph\">{\"@context\":\"https:\/\/schema.org\",\"@graph\":[{\"@type\":\"Article\",\"@id\":\"https:\/\/www.artipose.be\/choisir-professionnel-portes-de-garage-anderlecht\/#article\",\"isPartOf\":{\"@id\":\"https:\/\/www.artipose.be\/choisir-professionnel-portes-de-garage-anderlecht\/\"},\"author\":{\"name\":\"Admin\",\"@id\":\"https:\/\/www.artipose.be\/#\/schema\/person\/e9d44eaf3759153ceab33dae53780eb1\"},\"headline\":\"Bien choisir un professionnel pour vos portes de garage \u00e0 Anderlecht\",\"datePublished\":\"2026-08-21T07:30:56+00:00\",\"dateModified\":\"2026-08-21T07:30:56+00:00\",\"mainEntityOfPage\":{\"@id\":\"https:\/\/www.artipose.be\/choisir-professionnel-portes-de-garage-anderlecht\/\"},\"wordCount\":1536,\"publisher\":{\"@id\":\"https:\/\/www.artipose.be\/#organization\"},\"articleSection\":[\"Non classifi\u00e9(e)\"],\"inLanguage\":\"en-US\"},{\"@type\":\"WebPage\",\"@id\":\"https:\/\/www.artipose.be\/choisir-professionnel-portes-de-garage-anderlecht\/\",\"url\":\"https:\/\/www.artipose.be\/choisir-professionnel-portes-de-garage-anderlecht\/\",\"name\":\"Bien choisir un professionnel pour vos portes de garage \u00e0 Anderlecht - Artipose\",\"isPartOf\":{\"@id\":\"https:\/\/www.artipose.be\/#website\"},\"datePublished\":\"2026-08-21T07:30:56+00:00\",\"dateModified\":\"2026-08-21T07:30:56+00:00\",\"breadcrumb\":{\"@id\":\"https:\/\/www.artipose.be\/choisir-professionnel-portes-de-garage-anderlecht\/#breadcrumb\"},\"inLanguage\":\"en-US\",\"potentialAction\":[{\"@type\":\"ReadAction\",\"target\":[\"https:\/\/www.artipose.be\/choisir-professionnel-portes-de-garage-anderlecht\/\"]}]},{\"@type\":\"BreadcrumbList\",\"@id\":\"https:\/\/www.artipose.be\/choisir-professionnel-portes-de-garage-anderlecht\/#breadcrumb\",\"itemListElement\":[{\"@type\":\"ListItem\",\"position\":1,\"name\":\"Accueil\",\"item\":\"https:\/\/www.artipose.be\/\"},{\"@type\":\"ListItem\",\"position\":2,\"name\":\"Bien choisir un professionnel pour vos portes de garage \u00e0 Anderlecht\"}]},{\"@type\":\"WebSite\",\"@id\":\"https:\/\/www.artipose.be\/#website\",\"url\":\"https:\/\/www.artipose.be\/\",\"name\":\"Artipose\",\"description\":\"Ch\u00e2ssis\",\"publisher\":{\"@id\":\"https:\/\/www.artipose.be\/#organization\"},\"potentialAction\":[{\"@type\":\"SearchAction\",\"target\":{\"@type\":\"EntryPoint\",\"urlTemplate\":\"https:\/\/www.artipose.be\/?s={search_term_string}\"},\"query-input\":\"required name=search_term_string\"}],\"inLanguage\":\"en-US\"},{\"@type\":\"Organization\",\"@id\":\"https:\/\/www.artipose.be\/#organization\",\"name\":\"Artipose\",\"url\":\"https:\/\/www.artipose.be\/\",\"logo\":{\"@type\":\"ImageObject\",\"inLanguage\":\"en-US\",\"@id\":\"https:\/\/www.artipose.be\/#\/schema\/logo\/image\/\",\"url\":\"https:\/\/www.artipose.be\/wp-content\/uploads\/2018\/07\/Logo_Artipose_White.png\",\"contentUrl\":\"https:\/\/www.artipose.be\/wp-content\/uploads\/2018\/07\/Logo_Artipose_White.png\",\"width\":820,\"height\":207,\"caption\":\"Artipose\"},\"image\":{\"@id\":\"https:\/\/www.artipose.be\/#\/schema\/logo\/image\/\"},\"sameAs\":[\"https:\/\/www.facebook.com\/ArtiposeBE\"]},{\"@type\":\"Person\",\"@id\":\"https:\/\/www.artipose.be\/#\/schema\/person\/e9d44eaf3759153ceab33dae53780eb1\",\"name\":\"Admin\",\"image\":{\"@type\":\"ImageObject\",\"inLanguage\":\"en-US\",\"@id\":\"https:\/\/www.artipose.be\/#\/schema\/person\/image\/\",\"url\":\"https:\/\/secure.gravatar.com\/avatar\/978196c93f2bd9ec216b92cff3077a6c?s=96&d=mm&r=g\",\"contentUrl\":\"https:\/\/secure.gravatar.com\/avatar\/978196c93f2bd9ec216b92cff3077a6c?s=96&d=mm&r=g\",\"caption\":\"Admin\"}}]}<\/script>\n<!-- \/ Yoast SEO plugin. -->","yoast_head_json":{"title":"Bien choisir un professionnel pour vos portes de garage \u00e0 Anderlecht - Artipose","robots":{"index":"index","follow":"follow","max-snippet":"max-snippet:-1","max-image-preview":"max-image-preview:large","max-video-preview":"max-video-preview:-1"},"canonical":"https:\/\/www.artipose.be\/en\/choisir-professionnel-portes-de-garage-anderlecht\/","og_locale":"en_US","og_type":"article","og_title":"Bien choisir un professionnel pour vos portes de garage \u00e0 Anderlecht - Artipose","og_description":"Vous habitez Anderlecht et cherchez un pro pour votre porte de garage ? D\u00e9couvrez nos conseils d\u2019artisan pour s\u00e9lectionner le bon interlocuteur, \u00e9viter les pi\u00e8ges et garantir une installation soign\u00e9e.","og_url":"https:\/\/www.artipose.be\/en\/choisir-professionnel-portes-de-garage-anderlecht\/","og_site_name":"Artipose","article_publisher":"https:\/\/www.facebook.com\/ArtiposeBE","article_published_time":"2026-08-21T07:30:56+00:00","author":"Admin","twitter_card":"summary_large_image","twitter_misc":{"Written by":"Admin","Est. reading time":"8 minutes"},"schema":{"@context":"https:\/\/schema.org","@graph":[{"@type":"Article","@id":"https:\/\/www.artipose.be\/choisir-professionnel-portes-de-garage-anderlecht\/#article","isPartOf":{"@id":"https:\/\/www.artipose.be\/choisir-professionnel-portes-de-garage-anderlecht\/"},"author":{"name":"Admin","@id":"https:\/\/www.artipose.be\/#\/schema\/person\/e9d44eaf3759153ceab33dae53780eb1"},"headline":"Bien choisir un professionnel pour vos portes de garage \u00e0 Anderlecht","datePublished":"2026-08-21T07:30:56+00:00","dateModified":"2026-08-21T07:30:56+00:00","mainEntityOfPage":{"@id":"https:\/\/www.artipose.be\/choisir-professionnel-portes-de-garage-anderlecht\/"},"wordCount":1536,"publisher":{"@id":"https:\/\/www.artipose.be\/#organization"},"articleSection":["Non classifi\u00e9(e)"],"inLanguage":"en-US"},{"@type":"WebPage","@id":"https:\/\/www.artipose.be\/choisir-professionnel-portes-de-garage-anderlecht\/","url":"https:\/\/www.artipose.be\/choisir-professionnel-portes-de-garage-anderlecht\/","name":"Bien choisir un professionnel pour vos portes de garage \u00e0 Anderlecht - Artipose","isPartOf":{"@id":"https:\/\/www.artipose.be\/#website"},"datePublished":"2026-08-21T07:30:56+00:00","dateModified":"2026-08-21T07:30:56+00:00","breadcrumb":{"@id":"https:\/\/www.artipose.be\/choisir-professionnel-portes-de-garage-anderlecht\/#breadcrumb"},"inLanguage":"en-US","potentialAction":[{"@type":"ReadAction","target":["https:\/\/www.artipose.be\/choisir-professionnel-portes-de-garage-anderlecht\/"]}]},{"@type":"BreadcrumbList","@id":"https:\/\/www.artipose.be\/choisir-professionnel-portes-de-garage-anderlecht\/#breadcrumb","itemListElement":[{"@type":"ListItem","position":1,"name":"Accueil","item":"https:\/\/www.artipose.be\/"},{"@type":"ListItem","position":2,"name":"Bien choisir un professionnel pour vos portes de garage \u00e0 Anderlecht"}]},{"@type":"WebSite","@id":"https:\/\/www.artipose.be\/#website","url":"https:\/\/www.artipose.be\/","name":"Artipose","description":"Frames","publisher":{"@id":"https:\/\/www.artipose.be\/#organization"},"potentialAction":[{"@type":"SearchAction","target":{"@type":"EntryPoint","urlTemplate":"https:\/\/www.artipose.be\/?s={search_term_string}"},"query-input":"required name=search_term_string"}],"inLanguage":"en-US"},{"@type":"Organization","@id":"https:\/\/www.artipose.be\/#organization","name":"Artipose","url":"https:\/\/www.artipose.be\/","logo":{"@type":"ImageObject","inLanguage":"en-US","@id":"https:\/\/www.artipose.be\/#\/schema\/logo\/image\/","url":"https:\/\/www.artipose.be\/wp-content\/uploads\/2018\/07\/Logo_Artipose_White.png","contentUrl":"https:\/\/www.artipose.be\/wp-content\/uploads\/2018\/07\/Logo_Artipose_White.png","width":820,"height":207,"caption":"Artipose"},"image":{"@id":"https:\/\/www.artipose.be\/#\/schema\/logo\/image\/"},"sameAs":["https:\/\/www.facebook.com\/ArtiposeBE"]},{"@type":"Person","@id":"https:\/\/www.artipose.be\/#\/schema\/person\/e9d44eaf3759153ceab33dae53780eb1","name":"Admin","image":{"@type":"ImageObject","inLanguage":"en-US","@id":"https:\/\/www.artipose.be\/#\/schema\/person\/image\/","url":"https:\/\/secure.gravatar.com\/avatar\/978196c93f2bd9ec216b92cff3077a6c?s=96&d=mm&r=g","contentUrl":"https:\/\/secure.gravatar.com\/avatar\/978196c93f2bd9ec216b92cff3077a6c?s=96&d=mm&r=g","caption":"Admin"}}]}},"_links":{"self":[{"href":"https:\/\/www.artipose.be\/en\/wp-json\/wp\/v2\/posts\/244588"}],"collection":[{"href":"https:\/\/www.artipose.be\/en\/wp-json\/wp\/v2\/posts"}],"about":[{"href":"https:\/\/www.artipose.be\/en\/wp-json\/wp\/v2\/types\/post"}],"author":[{"embeddable":true,"href":"https:\/\/www.artipose.be\/en\/wp-json\/wp\/v2\/users\/1"}],"replies":[{"embeddable":true,"href":"https:\/\/www.artipose.be\/en\/wp-json\/wp\/v2\/comments?post=244588"}],"version-history":[{"count":0,"href":"https:\/\/www.artipose.be\/en\/wp-json\/wp\/v2\/posts\/244588\/revisions"}],"wp:featuredmedia":[{"embeddable":true,"href":"https:\/\/www.artipose.be\/en\/wp-json\/wp\/v2\/media\/244046"}],"wp:attachment":[{"href":"https:\/\/www.artipose.be\/en\/wp-json\/wp\/v2\/media?parent=244588"}],"wp:term":[{"taxonomy":"category","embeddable":true,"href":"https:\/\/www.artipose.be\/en\/wp-json\/wp\/v2\/categories?post=244588"},{"taxonomy":"post_tag","embeddable":true,"href":"https:\/\/www.artipose.be\/en\/wp-json\/wp\/v2\/tags?post=244588"}],"curies":[{"name":"wp","href":"https:\/\/api.w.org\/{rel}","templated":true}]}}