{"id":244655,"date":"2026-08-27T07:31:08","date_gmt":"2026-08-27T07:31:08","guid":{"rendered":"https:\/\/www.artipose.be\/choisir-professionnel-tentes-solaires-stores-anderlecht\/"},"modified":"2026-08-27T07:31:08","modified_gmt":"2026-08-27T07:31:08","slug":"choisir-professionnel-tentes-solaires-stores-anderlecht","status":"publish","type":"post","link":"https:\/\/www.artipose.be\/nl\/choisir-professionnel-tentes-solaires-stores-anderlecht\/","title":{"rendered":"Bien choisir un professionnel de tentes solaires et stores \u00e0"},"content":{"rendered":"<p>Vous souhaitez installer des tentes solaires et stores \u00e0 Anderlecht mais ne savez pas \u00e0 qui confier ce projet\u2009? Entre la fiabilit\u00e9 du mat\u00e9riel, le savoir-faire de l\u2019artisan et les sp\u00e9cificit\u00e9s des fa\u00e7ades locales, le choix d\u2019un professionnel est essentiel pour garantir un r\u00e9sultat durable et harmonieux avec votre maison ou votre commerce. Derri\u00e8re chaque \u00e9cran solaire efficace, il y a un sp\u00e9cialiste du m\u00e9tier qui conna\u00eet les contraintes du climat bruxellois et les attentes pr\u00e9cises des habitants d\u2019Anderlecht. Dans cet article, je vous explique comment rep\u00e9rer un professionnel comp\u00e9tent, quelles questions poser, et comment \u00e9viter les erreurs courantes.<\/p>\n<p>Vous repartirez avec une approche concr\u00e8te pour choisir le bon artisan, profiter pleinement de vos tentes solaires et stores, et s\u00e9curiser votre investissement.<\/p>\n<h2>1. Privil\u00e9gier l\u2019expertise locale et le bouche-\u00e0-oreille<\/h2>\n<p>\u00c0 Anderlecht, l\u2019enjeu n\u2019est pas seulement de poser un store, mais de l\u2019int\u00e9grer \u00e0 une architecture urbaine vari\u00e9e, avec ses maisons de ma\u00eetre, ses immeubles r\u00e9cents, et ses commerces en rez-de-chauss\u00e9e. Les artisans connaissant bien la commune s\u2019adaptent facilement aux contraintes, comme la r\u00e9glementation li\u00e9e aux fa\u00e7ades ou les probl\u00e9matiques d\u2019ensoleillement sp\u00e9cifique au quartier.<\/p>\n<p>Demandez conseil autour de vous : voisins, commer\u00e7ants ou confr\u00e8res ont souvent un nom \u00e0 recommander apr\u00e8s une bonne exp\u00e9rience. Cela reste un crit\u00e8re concret, car une entreprise reconnue localement a tout int\u00e9r\u00eat \u00e0 soigner sa r\u00e9putation. Dans le cas d\u2019Artipose, par exemple, notre atelier montre r\u00e9guli\u00e8rement nos r\u00e9alisations dans le nord-ouest de Bruxelles, ce qui facilite les visites de chantier et les \u00e9valuations \u00e0 domicile.<\/p>\n<h2>2. V\u00e9rifier les r\u00e9alisations pass\u00e9es et la sp\u00e9cialisation<\/h2>\n<p>Un professionnel fiable n\u2019h\u00e9site jamais \u00e0 pr\u00e9senter des photos ou \u00e0 montrer ses pr\u00e9c\u00e9dents chantiers, que ce soit dans les quartiers r\u00e9sidentiels comme Veeweyde ou proches des \u00e9coles. Consultez \u00e9galement si possible une page d\u00e9di\u00e9e \u00e0 ses r\u00e9alisations, cela donne une id\u00e9e concr\u00e8te du s\u00e9rieux de l\u2019entreprise et du style propos\u00e9.<\/p>\n<p>Un sp\u00e9cialiste de la pose de tentes solaires et stores conna\u00eet parfaitement les mod\u00e8les adapt\u00e9s au climat local, les points faibles des installations trop \u00ab\u2009universelles\u2009\u00bb, et sait vous orienter honn\u00eatement selon le budget ou le degr\u00e9 d\u2019exposition de votre fa\u00e7ade. Pour aller plus loin dans la r\u00e9flexion, je vous conseille de parcourir <a href=\"https:\/\/www.artipose.be\/tentes-solaires-stores-anderlecht-conseils-artisan\/\">les conseils d\u2019un artisan local \u00e0 Anderlecht<\/a>.<\/p>\n<h2>3. S\u2019assurer d\u2019une offre claire et personnalis\u00e9e<\/h2>\n<p>Un devis d\u00e9taill\u00e9 doit inclure la description du mat\u00e9riel (tissus, moteurs, structure), la dur\u00e9e des travaux pr\u00e9vue, l\u2019acc\u00e8s au service apr\u00e8s-vente et les conditions d\u2019intervention en cas de d\u00e9pannage. Ne signez rien sans avoir re\u00e7u au pr\u00e9alable un descriptif individualis\u00e9, r\u00e9dig\u00e9 apr\u00e8s visite du chantier, et laissant une trace \u00e9crite de chaque point discut\u00e9.<\/p>\n<p>M\u00e9fiez-vous des offres trop vagues ou r\u00e9dig\u00e9es \u00e0 la va-vite : une entreprise s\u00e9rieuse prendra syst\u00e9matiquement le temps de faire le tour de vos besoins, notamment pour les poses \u00e0 r\u00e9aliser en hauteur ou avec acc\u00e8s difficile, comme c\u2019est parfois le cas dans les immeubles de la chauss\u00e9e de Mons.<\/p>\n<h2>4. Contr\u00f4ler la conformit\u00e9 du mat\u00e9riel propos\u00e9<\/h2>\n<p>Votre professionnel doit conna\u00eetre les normes en vigueur pour la pose de tentes solaires et stores \u00e0 Anderlecht. Il faut que le mat\u00e9riel respecte les standards europ\u00e9ens, tant au niveau de la s\u00e9curit\u00e9 que de la durabilit\u00e9 pour \u00e9viter une usure pr\u00e9matur\u00e9e face au climat belge, souvent pluvieux et variable.<\/p>\n<p>Un bon artisan explique en d\u00e9tail l\u2019origine des composants, la qualit\u00e9 du tissu (traitement anti-UV, imperm\u00e9abilit\u00e9, options de motorisation\u2026) et s\u2019engage \u00e0 poser des stores compatibles avec le type de fa\u00e7ade. Attention aussi \u00e0 la couleur : en zone urbaine comme Anderlecht, certaines copropri\u00e9t\u00e9s requi\u00e8rent une harmonie de teintes, notamment sur rue.<\/p>\n<h2>5. \u00c9valuer la disponibilit\u00e9 pour le suivi et le d\u00e9pannage<\/h2>\n<p>Apr\u00e8s la pose, les stores et tentes solaires n\u00e9cessitent parfois un r\u00e9glage ou un entretien. Il est important de choisir une entreprise qui assure le service apr\u00e8s-vente, mais aussi le d\u00e9pannage en cas de blocage du m\u00e9canisme ou de d\u00e9chirure du tissu apr\u00e8s une temp\u00eate.<\/p>\n<p>N\u2019h\u00e9sitez pas \u00e0 demander les d\u00e9lais moyens d\u2019intervention et les modalit\u00e9s de contact en dehors des heures de bureau. Chez Artipose, nous nous d\u00e9pla\u00e7ons r\u00e9guli\u00e8rement sur toute la zone d\u2019Anderlecht, ce qui permet des r\u00e9parations rapides en cas de besoin. Cette r\u00e9activit\u00e9 locale constitue un vrai avantage pour les habitants cherchant un partenaire de confiance sur le long terme.<\/p>\n<h2>6. Comparer, mais privil\u00e9gier la transparence sur le prix<\/h2>\n<p>Il est l\u00e9gitime de demander plusieurs devis pour tentes solaires et stores \u00e0 Anderlecht. Plus que le tarif lui-m\u00eame, attardez-vous sur la coh\u00e9rence entre le prix annonc\u00e9 et la qualit\u00e9 du service propos\u00e9. Demandez des pr\u00e9cisions sur la pose, le d\u00e9montage \u00e9ventuel d\u2019une installation ant\u00e9rieure ou la prise en charge de petits travaux de menuiserie.<\/p>\n<p>La pose de ch\u00e2ssis et menuiserie sur mesure, souvent indispensable en r\u00e9novation \u00e0 Anderlecht, fait partie des comp\u00e9tences qui peuvent \u00eatre combin\u00e9es lors de votre projet. Un professionnel qui sait g\u00e9rer l\u2019ensemble du chantier, du conseil aux finitions, vous fera gagner en temps et en s\u00e9r\u00e9nit\u00e9.<\/p>\n<h2>7. Attention aux erreurs courantes lors du choix<\/h2>\n<p>Par exp\u00e9rience, je constate que le principal \u00e9cueil reste la pr\u00e9cipitation : choisir sur simple coup de fil, sans visite, ou sans r\u00e9f\u00e9rences locales. D\u2019autres oublient de v\u00e9rifier la pr\u00e9sence d\u2019un atelier en r\u00e9gion bruxelloise ou s\u2019arr\u00eatent \u00e0 l\u2019offre la moins ch\u00e8re sans analyser la prestation technique.<\/p>\n<p>Pour \u00e9viter ces pi\u00e8ges, prenez le temps de lire les retours clients, de demander une simulation personnalis\u00e9e de vos tentes solaires et stores, et de consulter des ressources comme celles propos\u00e9es dans <a href=\"https:\/\/www.artipose.be\/tentes-solaires-stores-anderlecht-erreurs\/\">cet article sur les erreurs \u00e0 \u00e9viter \u00e0 Anderlecht<\/a>.<\/p>\n<p>Le choix d\u2019un professionnel pour vos tentes solaires et stores \u00e0 Anderlecht demande un regard attentif et des \u00e9changes concrets, directement sur place ou lors d\u2019un rendez-vous personnalis\u00e9. N\u2019h\u00e9sitez pas \u00e0 visiter notre atelier \u00e0 l\u2019Av. Houba de Strooper 116, 1020 Bruxelles, ou \u00e0 nous contacter pour toute question sur votre projet. Pour b\u00e9n\u00e9ficier d\u2019un accompagnement sur mesure et d\u2019une installation durable dans votre quartier, vous pouvez d\u00e8s maintenant <strong>demander un devis gratuit<\/strong> par t\u00e9l\u00e9phone ou en ligne.<\/p>\n<section class=\"faq\">\n<h2>FAQ<\/h2>\n<details>\n<summary>Est-ce que le professionnel doit absolument se rendre sur place avant d\u2019\u00e9tablir un devis pour mes tentes solaires et stores \u00e0 Anderlecht\u2009?<\/summary>\n<p>Oui, une visite sur place est indispensable pour \u00e9valuer pr\u00e9cis\u00e9ment l\u2019exposition, la configuration de la fa\u00e7ade, les \u00e9ventuels obstacles et prendre des mesures exactes. Cela permet d\u2019\u00e9viter les mauvaises surprises lors de l\u2019installation et de proposer une solution vraiment adapt\u00e9e \u00e0 votre habitation ou local commercial \u00e0 Anderlecht.<\/p>\n<\/details>\n<details>\n<summary>Quels documents ou informations pr\u00e9parer avant de rencontrer un professionnel\u2009?<\/summary>\n<p>Avant la rencontre, rassemblez le maximum d\u2019informations sur les dimensions des ouvertures \u00e0 \u00e9quiper, le type de fa\u00e7ade (brique, b\u00e9ton, isol\u00e9e), les contraintes d\u2019acc\u00e8s (balcon, \u00e9tage), des photos de l\u2019emplacement et, si vous faites partie d\u2019une copropri\u00e9t\u00e9, les \u00e9ventuels r\u00e8glements sur l\u2019aspect ext\u00e9rieur. Cela aidera le professionnel \u00e0 pr\u00e9parer une offre sur mesure plus rapidement.<\/p>\n<\/details>\n<details>\n<summary>Comment garantir la durabilit\u00e9 de mes tentes solaires et stores apr\u00e8s la pose\u2009?<\/summary>\n<p>Optez pour un mat\u00e9riel certifi\u00e9 conforme aux normes europ\u00e9ennes et pour un professionnel assurant un suivi apr\u00e8s la pose. Planifiez un entretien r\u00e9gulier (v\u00e9rification du m\u00e9canisme, nettoyage du tissu) afin d\u2019\u00e9viter l\u2019encrassement, l\u2019usure pr\u00e9matur\u00e9e ou le blocage du syst\u00e8me, surtout apr\u00e8s une p\u00e9riode de forte pluie ou de vent.<\/p>\n<\/details>\n<details>\n<summary>Mon installation de store existante peut-elle \u00eatre modernis\u00e9e sans tout remplacer\u2009?<\/summary>\n<p>Dans de nombreux cas, il est possible de remplacer uniquement le tissu du store, le syst\u00e8me de motorisation ou certains \u00e9l\u00e9ments m\u00e9caniques, si la structure de base est encore saine. Un sp\u00e9cialiste saura diagnostiquer l\u2019\u00e9tat du dispositif et proposer soit une r\u00e9novation partielle, soit un remplacement complet selon vos besoins et votre budget.<\/p>\n<\/details>\n<\/section>\n<p><script type=\"application\/ld+json\">{\"@context\":\"https:\/\/schema.org\",\"@type\":\"FAQPage\",\"mainEntity\":[{\"@type\":\"Question\",\"name\":\"Est-ce que le professionnel doit absolument se rendre sur place avant d\u2019\u00e9tablir un devis pour mes tentes solaires et stores \u00e0 Anderlecht ?\",\"acceptedAnswer\":{\"@type\":\"Answer\",\"text\":\"Oui, une visite sur place est indispensable pour \u00e9valuer pr\u00e9cis\u00e9ment l\u2019exposition, la configuration de la fa\u00e7ade, les \u00e9ventuels obstacles et prendre des mesures exactes. Cela permet d\u2019\u00e9viter les mauvaises surprises lors de l\u2019installation et de proposer une solution vraiment adapt\u00e9e \u00e0 votre habitation ou local commercial \u00e0 Anderlecht.\"}},{\"@type\":\"Question\",\"name\":\"Quels documents ou informations pr\u00e9parer avant de rencontrer un professionnel ?\",\"acceptedAnswer\":{\"@type\":\"Answer\",\"text\":\"Avant la rencontre, rassemblez le maximum d\u2019informations sur les dimensions des ouvertures \u00e0 \u00e9quiper, le type de fa\u00e7ade (brique, b\u00e9ton, isol\u00e9e), les contraintes d\u2019acc\u00e8s (balcon, \u00e9tage), des photos de l\u2019emplacement et, si vous faites partie d\u2019une copropri\u00e9t\u00e9, les \u00e9ventuels r\u00e8glements sur l\u2019aspect ext\u00e9rieur. Cela aidera le professionnel \u00e0 pr\u00e9parer une offre sur mesure plus rapidement.\"}},{\"@type\":\"Question\",\"name\":\"Comment garantir la durabilit\u00e9 de mes tentes solaires et stores apr\u00e8s la pose ?\",\"acceptedAnswer\":{\"@type\":\"Answer\",\"text\":\"Optez pour un mat\u00e9riel certifi\u00e9 conforme aux normes europ\u00e9ennes et pour un professionnel assurant un suivi apr\u00e8s la pose. Planifiez un entretien r\u00e9gulier (v\u00e9rification du m\u00e9canisme, nettoyage du tissu) afin d\u2019\u00e9viter l\u2019encrassement, l\u2019usure pr\u00e9matur\u00e9e ou le blocage du syst\u00e8me, surtout apr\u00e8s une p\u00e9riode de forte pluie ou de vent.\"}},{\"@type\":\"Question\",\"name\":\"Mon installation de store existante peut-elle \u00eatre modernis\u00e9e sans tout remplacer ?\",\"acceptedAnswer\":{\"@type\":\"Answer\",\"text\":\"Dans de nombreux cas, il est possible de remplacer uniquement le tissu du store, le syst\u00e8me de motorisation ou certains \u00e9l\u00e9ments m\u00e9caniques, si la structure de base est encore saine. Un sp\u00e9cialiste saura diagnostiquer l\u2019\u00e9tat du dispositif et proposer soit une r\u00e9novation partielle, soit un remplacement complet selon vos besoins et votre budget.\"}}]}<\/script><\/p>\n","protected":false},"excerpt":{"rendered":"<p>S\u00e9lectionner un pro pour vos tentes solaires et stores \u00e0 Anderlecht demande r\u00e9flexion. Suivez nos conseils pratiques pour b\u00e9n\u00e9ficier d\u2019une installation durable.<\/p>","protected":false},"author":1,"featured_media":244721,"comment_status":"closed","ping_status":"closed","sticky":false,"template":"","format":"standard","meta":{"_et_pb_use_builder":"","_et_pb_old_content":"","_et_gb_content_width":"","footnotes":""},"categories":[1],"tags":[],"yoast_head":"<!-- This site is optimized with the Yoast SEO plugin v21.7 - https:\/\/yoast.com\/wordpress\/plugins\/seo\/ -->\n<title>Bien choisir un professionnel de tentes solaires et stores \u00e0 - Artipose<\/title>\n<meta name=\"robots\" content=\"index, follow, max-snippet:-1, max-image-preview:large, max-video-preview:-1\" \/>\n<link rel=\"canonical\" href=\"https:\/\/www.artipose.be\/nl\/choisir-professionnel-tentes-solaires-stores-anderlecht\/\" \/>\n<meta property=\"og:locale\" content=\"nl_NL\" \/>\n<meta property=\"og:type\" content=\"article\" \/>\n<meta property=\"og:title\" content=\"Bien choisir un professionnel de tentes solaires et stores \u00e0 - Artipose\" \/>\n<meta property=\"og:description\" content=\"S\u00e9lectionner un pro pour vos tentes solaires et stores \u00e0 Anderlecht demande r\u00e9flexion. Suivez nos conseils pratiques pour b\u00e9n\u00e9ficier d\u2019une installation durable.\" \/>\n<meta property=\"og:url\" content=\"https:\/\/www.artipose.be\/nl\/choisir-professionnel-tentes-solaires-stores-anderlecht\/\" \/>\n<meta property=\"og:site_name\" content=\"Artipose\" \/>\n<meta property=\"article:publisher\" content=\"https:\/\/www.facebook.com\/ArtiposeBE\" \/>\n<meta property=\"article:published_time\" content=\"2026-08-27T07:31:08+00:00\" \/>\n<meta name=\"author\" content=\"Admin\" \/>\n<meta name=\"twitter:card\" content=\"summary_large_image\" \/>\n<meta name=\"twitter:label1\" content=\"Geschreven door\" \/>\n\t<meta name=\"twitter:data1\" content=\"Admin\" \/>\n\t<meta name=\"twitter:label2\" content=\"Geschatte leestijd\" \/>\n\t<meta name=\"twitter:data2\" content=\"7 minuten\" \/>\n<script type=\"application\/ld+json\" class=\"yoast-schema-graph\">{\"@context\":\"https:\/\/schema.org\",\"@graph\":[{\"@type\":\"Article\",\"@id\":\"https:\/\/www.artipose.be\/choisir-professionnel-tentes-solaires-stores-anderlecht\/#article\",\"isPartOf\":{\"@id\":\"https:\/\/www.artipose.be\/choisir-professionnel-tentes-solaires-stores-anderlecht\/\"},\"author\":{\"name\":\"Admin\",\"@id\":\"https:\/\/www.artipose.be\/#\/schema\/person\/e9d44eaf3759153ceab33dae53780eb1\"},\"headline\":\"Bien choisir un professionnel de tentes solaires et stores \u00e0\",\"datePublished\":\"2026-08-27T07:31:08+00:00\",\"dateModified\":\"2026-08-27T07:31:08+00:00\",\"mainEntityOfPage\":{\"@id\":\"https:\/\/www.artipose.be\/choisir-professionnel-tentes-solaires-stores-anderlecht\/\"},\"wordCount\":1436,\"publisher\":{\"@id\":\"https:\/\/www.artipose.be\/#organization\"},\"articleSection\":[\"Non classifi\u00e9(e)\"],\"inLanguage\":\"nl-NL\"},{\"@type\":\"WebPage\",\"@id\":\"https:\/\/www.artipose.be\/choisir-professionnel-tentes-solaires-stores-anderlecht\/\",\"url\":\"https:\/\/www.artipose.be\/choisir-professionnel-tentes-solaires-stores-anderlecht\/\",\"name\":\"Bien choisir un professionnel de tentes solaires et stores \u00e0 - Artipose\",\"isPartOf\":{\"@id\":\"https:\/\/www.artipose.be\/#website\"},\"datePublished\":\"2026-08-27T07:31:08+00:00\",\"dateModified\":\"2026-08-27T07:31:08+00:00\",\"breadcrumb\":{\"@id\":\"https:\/\/www.artipose.be\/choisir-professionnel-tentes-solaires-stores-anderlecht\/#breadcrumb\"},\"inLanguage\":\"nl-NL\",\"potentialAction\":[{\"@type\":\"ReadAction\",\"target\":[\"https:\/\/www.artipose.be\/choisir-professionnel-tentes-solaires-stores-anderlecht\/\"]}]},{\"@type\":\"BreadcrumbList\",\"@id\":\"https:\/\/www.artipose.be\/choisir-professionnel-tentes-solaires-stores-anderlecht\/#breadcrumb\",\"itemListElement\":[{\"@type\":\"ListItem\",\"position\":1,\"name\":\"Accueil\",\"item\":\"https:\/\/www.artipose.be\/\"},{\"@type\":\"ListItem\",\"position\":2,\"name\":\"Bien choisir un professionnel de tentes solaires et stores \u00e0\"}]},{\"@type\":\"WebSite\",\"@id\":\"https:\/\/www.artipose.be\/#website\",\"url\":\"https:\/\/www.artipose.be\/\",\"name\":\"Artipose\",\"description\":\"Ch\u00e2ssis\",\"publisher\":{\"@id\":\"https:\/\/www.artipose.be\/#organization\"},\"potentialAction\":[{\"@type\":\"SearchAction\",\"target\":{\"@type\":\"EntryPoint\",\"urlTemplate\":\"https:\/\/www.artipose.be\/?s={search_term_string}\"},\"query-input\":\"required name=search_term_string\"}],\"inLanguage\":\"nl-NL\"},{\"@type\":\"Organization\",\"@id\":\"https:\/\/www.artipose.be\/#organization\",\"name\":\"Artipose\",\"url\":\"https:\/\/www.artipose.be\/\",\"logo\":{\"@type\":\"ImageObject\",\"inLanguage\":\"nl-NL\",\"@id\":\"https:\/\/www.artipose.be\/#\/schema\/logo\/image\/\",\"url\":\"https:\/\/www.artipose.be\/wp-content\/uploads\/2018\/07\/Logo_Artipose_White.png\",\"contentUrl\":\"https:\/\/www.artipose.be\/wp-content\/uploads\/2018\/07\/Logo_Artipose_White.png\",\"width\":820,\"height\":207,\"caption\":\"Artipose\"},\"image\":{\"@id\":\"https:\/\/www.artipose.be\/#\/schema\/logo\/image\/\"},\"sameAs\":[\"https:\/\/www.facebook.com\/ArtiposeBE\"]},{\"@type\":\"Person\",\"@id\":\"https:\/\/www.artipose.be\/#\/schema\/person\/e9d44eaf3759153ceab33dae53780eb1\",\"name\":\"Admin\",\"image\":{\"@type\":\"ImageObject\",\"inLanguage\":\"nl-NL\",\"@id\":\"https:\/\/www.artipose.be\/#\/schema\/person\/image\/\",\"url\":\"https:\/\/secure.gravatar.com\/avatar\/978196c93f2bd9ec216b92cff3077a6c?s=96&d=mm&r=g\",\"contentUrl\":\"https:\/\/secure.gravatar.com\/avatar\/978196c93f2bd9ec216b92cff3077a6c?s=96&d=mm&r=g\",\"caption\":\"Admin\"}}]}<\/script>\n<!-- \/ Yoast SEO plugin. -->","yoast_head_json":{"title":"Bien choisir un professionnel de tentes solaires et stores \u00e0 - Artipose","robots":{"index":"index","follow":"follow","max-snippet":"max-snippet:-1","max-image-preview":"max-image-preview:large","max-video-preview":"max-video-preview:-1"},"canonical":"https:\/\/www.artipose.be\/nl\/choisir-professionnel-tentes-solaires-stores-anderlecht\/","og_locale":"nl_NL","og_type":"article","og_title":"Bien choisir un professionnel de tentes solaires et stores \u00e0 - Artipose","og_description":"S\u00e9lectionner un pro pour vos tentes solaires et stores \u00e0 Anderlecht demande r\u00e9flexion. Suivez nos conseils pratiques pour b\u00e9n\u00e9ficier d\u2019une installation durable.","og_url":"https:\/\/www.artipose.be\/nl\/choisir-professionnel-tentes-solaires-stores-anderlecht\/","og_site_name":"Artipose","article_publisher":"https:\/\/www.facebook.com\/ArtiposeBE","article_published_time":"2026-08-27T07:31:08+00:00","author":"Admin","twitter_card":"summary_large_image","twitter_misc":{"Geschreven door":"Admin","Geschatte leestijd":"7 minuten"},"schema":{"@context":"https:\/\/schema.org","@graph":[{"@type":"Article","@id":"https:\/\/www.artipose.be\/choisir-professionnel-tentes-solaires-stores-anderlecht\/#article","isPartOf":{"@id":"https:\/\/www.artipose.be\/choisir-professionnel-tentes-solaires-stores-anderlecht\/"},"author":{"name":"Admin","@id":"https:\/\/www.artipose.be\/#\/schema\/person\/e9d44eaf3759153ceab33dae53780eb1"},"headline":"Bien choisir un professionnel de tentes solaires et stores \u00e0","datePublished":"2026-08-27T07:31:08+00:00","dateModified":"2026-08-27T07:31:08+00:00","mainEntityOfPage":{"@id":"https:\/\/www.artipose.be\/choisir-professionnel-tentes-solaires-stores-anderlecht\/"},"wordCount":1436,"publisher":{"@id":"https:\/\/www.artipose.be\/#organization"},"articleSection":["Non classifi\u00e9(e)"],"inLanguage":"nl-NL"},{"@type":"WebPage","@id":"https:\/\/www.artipose.be\/choisir-professionnel-tentes-solaires-stores-anderlecht\/","url":"https:\/\/www.artipose.be\/choisir-professionnel-tentes-solaires-stores-anderlecht\/","name":"Bien choisir un professionnel de tentes solaires et stores \u00e0 - Artipose","isPartOf":{"@id":"https:\/\/www.artipose.be\/#website"},"datePublished":"2026-08-27T07:31:08+00:00","dateModified":"2026-08-27T07:31:08+00:00","breadcrumb":{"@id":"https:\/\/www.artipose.be\/choisir-professionnel-tentes-solaires-stores-anderlecht\/#breadcrumb"},"inLanguage":"nl-NL","potentialAction":[{"@type":"ReadAction","target":["https:\/\/www.artipose.be\/choisir-professionnel-tentes-solaires-stores-anderlecht\/"]}]},{"@type":"BreadcrumbList","@id":"https:\/\/www.artipose.be\/choisir-professionnel-tentes-solaires-stores-anderlecht\/#breadcrumb","itemListElement":[{"@type":"ListItem","position":1,"name":"Accueil","item":"https:\/\/www.artipose.be\/"},{"@type":"ListItem","position":2,"name":"Bien choisir un professionnel de tentes solaires et stores \u00e0"}]},{"@type":"WebSite","@id":"https:\/\/www.artipose.be\/#website","url":"https:\/\/www.artipose.be\/","name":"Artipose","description":"Ramen","publisher":{"@id":"https:\/\/www.artipose.be\/#organization"},"potentialAction":[{"@type":"SearchAction","target":{"@type":"EntryPoint","urlTemplate":"https:\/\/www.artipose.be\/?s={search_term_string}"},"query-input":"required name=search_term_string"}],"inLanguage":"nl-NL"},{"@type":"Organization","@id":"https:\/\/www.artipose.be\/#organization","name":"Artipose","url":"https:\/\/www.artipose.be\/","logo":{"@type":"ImageObject","inLanguage":"nl-NL","@id":"https:\/\/www.artipose.be\/#\/schema\/logo\/image\/","url":"https:\/\/www.artipose.be\/wp-content\/uploads\/2018\/07\/Logo_Artipose_White.png","contentUrl":"https:\/\/www.artipose.be\/wp-content\/uploads\/2018\/07\/Logo_Artipose_White.png","width":820,"height":207,"caption":"Artipose"},"image":{"@id":"https:\/\/www.artipose.be\/#\/schema\/logo\/image\/"},"sameAs":["https:\/\/www.facebook.com\/ArtiposeBE"]},{"@type":"Person","@id":"https:\/\/www.artipose.be\/#\/schema\/person\/e9d44eaf3759153ceab33dae53780eb1","name":"Admin","image":{"@type":"ImageObject","inLanguage":"nl-NL","@id":"https:\/\/www.artipose.be\/#\/schema\/person\/image\/","url":"https:\/\/secure.gravatar.com\/avatar\/978196c93f2bd9ec216b92cff3077a6c?s=96&d=mm&r=g","contentUrl":"https:\/\/secure.gravatar.com\/avatar\/978196c93f2bd9ec216b92cff3077a6c?s=96&d=mm&r=g","caption":"Admin"}}]}},"_links":{"self":[{"href":"https:\/\/www.artipose.be\/nl\/wp-json\/wp\/v2\/posts\/244655"}],"collection":[{"href":"https:\/\/www.artipose.be\/nl\/wp-json\/wp\/v2\/posts"}],"about":[{"href":"https:\/\/www.artipose.be\/nl\/wp-json\/wp\/v2\/types\/post"}],"author":[{"embeddable":true,"href":"https:\/\/www.artipose.be\/nl\/wp-json\/wp\/v2\/users\/1"}],"replies":[{"embeddable":true,"href":"https:\/\/www.artipose.be\/nl\/wp-json\/wp\/v2\/comments?post=244655"}],"version-history":[{"count":0,"href":"https:\/\/www.artipose.be\/nl\/wp-json\/wp\/v2\/posts\/244655\/revisions"}],"wp:featuredmedia":[{"embeddable":true,"href":"https:\/\/www.artipose.be\/nl\/wp-json\/wp\/v2\/media\/244721"}],"wp:attachment":[{"href":"https:\/\/www.artipose.be\/nl\/wp-json\/wp\/v2\/media?parent=244655"}],"wp:term":[{"taxonomy":"category","embeddable":true,"href":"https:\/\/www.artipose.be\/nl\/wp-json\/wp\/v2\/categories?post=244655"},{"taxonomy":"post_tag","embeddable":true,"href":"https:\/\/www.artipose.be\/nl\/wp-json\/wp\/v2\/tags?post=244655"}],"curies":[{"name":"wp","href":"https:\/\/api.w.org\/{rel}","templated":true}]}}